{"id":1662,"date":"2020-12-10T17:40:53","date_gmt":"2020-12-10T16:40:53","guid":{"rendered":"https:\/\/www.mamyfactory.com\/blog\/?p=1662"},"modified":"2022-05-13T15:45:22","modified_gmt":"2022-05-13T13:45:22","slug":"la-collaboration-de-the-mamy-factory-x-arnaud-bachelin","status":"publish","type":"post","link":"https:\/\/www.mamyfactory.com\/blog\/2020\/12\/10\/la-collaboration-de-the-mamy-factory-x-arnaud-bachelin\/","title":{"rendered":"La Collaboration de Th\u00e9 Mamy Factory X Arnaud Bachelin"},"content":{"rendered":"\n<h3 class=\"wp-block-heading\">Mamy Factory a d\u00e9cid\u00e9 de lancer une gamme compl\u00e8te de <a href=\"https:\/\/www.mamyfactory.com\/fr\/216-thes-naturels\">th\u00e9s<\/a> pour toute sa communaut\u00e9 de tricoteuses friandes de boissons chaudes.  <\/h3>\n\n\n\n<h3 class=\"wp-block-heading\">Le choix a \u00e9t\u00e9 fait de travailler en \u00e9troite collaboration avec un sp\u00e9cialiste des <a href=\"https:\/\/www.mamyfactory.com\/fr\/216-thes-naturels\">th\u00e9s naturels<\/a> : Monsieur Arnaud Bachelin.<\/h3>\n\n\n\n<div style=\"height:20px\" aria-hidden=\"true\" class=\"wp-block-spacer\"><\/div>\n\n\n\n<figure class=\"wp-block-image size-large\"><a href=\"https:\/\/www.mamyfactory.com\/fr\/thes-naturels\/2263-infusion-suzanne-provence-3760302343645.html\"><img loading=\"lazy\" decoding=\"async\" width=\"1024\" height=\"550\" src=\"https:\/\/www.mamyfactory.com\/blog\/wp-content\/uploads\/2020\/12\/1111-1024x550.jpg\" alt=\"\" class=\"wp-image-1681\" srcset=\"https:\/\/www.mamyfactory.com\/blog\/wp-content\/uploads\/2020\/12\/1111-1024x550.jpg 1024w, https:\/\/www.mamyfactory.com\/blog\/wp-content\/uploads\/2020\/12\/1111-300x161.jpg 300w, https:\/\/www.mamyfactory.com\/blog\/wp-content\/uploads\/2020\/12\/1111-768x412.jpg 768w, https:\/\/www.mamyfactory.com\/blog\/wp-content\/uploads\/2020\/12\/1111-1536x825.jpg 1536w, https:\/\/www.mamyfactory.com\/blog\/wp-content\/uploads\/2020\/12\/1111-1170x628.jpg 1170w, https:\/\/www.mamyfactory.com\/blog\/wp-content\/uploads\/2020\/12\/1111-585x314.jpg 585w\" sizes=\"(max-width: 1024px) 100vw, 1024px\" \/><\/a><figcaption>L&rsquo;infusion Suzanne:<a href=\"https:\/\/www.mamyfactory.com\/fr\/thes-naturels\/2263-infusion-suzanne-provence-3760302343645.html\"> une infusion de Provence \u00e0 base d&rsquo;olivier, verveine et lavande<\/a><\/figcaption><\/figure>\n\n\n\n<div style=\"height:20px\" aria-hidden=\"true\" class=\"wp-block-spacer\"><\/div>\n\n\n\n<p style=\"font-size:16px\">Tout comme ses laines sont choisies pour les caract\u00e9ristiques nobles et 100% naturelles, Mamy Factory a choisi de partir sur une gamme de th\u00e9s sourc\u00e9s aupr\u00e8s de petits producteurs reconnus dans leurs r\u00e9gions respectives et respectueux de leur environnement. <\/p>\n\n\n\n<p style=\"font-size:16px\">Les feuilles de th\u00e9 ainsi r\u00e9cup\u00e9r\u00e9es sont ultimement parfum\u00e9es \u00e0 la main par les \u00e9quipes d&rsquo;Arnaud. En tant que tea connoisseur, Arnaud Bachelin s&rsquo;applique \u00e0 mettre en place une s\u00e9lection stricte des feuilles de plantations et d&rsquo;y ajouter ses propres ar\u00f4mes naturels, que ce soit \u00e0 travers l&rsquo;ajout de p\u00e9tales de rose ou de cardamome, ou autres fruits.<\/p>\n\n\n\n<div style=\"height:20px\" aria-hidden=\"true\" class=\"wp-block-spacer\"><\/div>\n\n\n\n<figure class=\"wp-block-image size-large\"><a href=\"https:\/\/www.mamyfactory.com\/fr\/thes-naturels\/2256-the-indira-3760302343607.html\"><img loading=\"lazy\" decoding=\"async\" width=\"1024\" height=\"550\" src=\"https:\/\/www.mamyfactory.com\/blog\/wp-content\/uploads\/2020\/12\/ddddddddddd-1024x550.jpg\" alt=\"\" class=\"wp-image-1682\" srcset=\"https:\/\/www.mamyfactory.com\/blog\/wp-content\/uploads\/2020\/12\/ddddddddddd-1024x550.jpg 1024w, https:\/\/www.mamyfactory.com\/blog\/wp-content\/uploads\/2020\/12\/ddddddddddd-300x161.jpg 300w, https:\/\/www.mamyfactory.com\/blog\/wp-content\/uploads\/2020\/12\/ddddddddddd-768x412.jpg 768w, https:\/\/www.mamyfactory.com\/blog\/wp-content\/uploads\/2020\/12\/ddddddddddd-1536x825.jpg 1536w, https:\/\/www.mamyfactory.com\/blog\/wp-content\/uploads\/2020\/12\/ddddddddddd-1170x628.jpg 1170w, https:\/\/www.mamyfactory.com\/blog\/wp-content\/uploads\/2020\/12\/ddddddddddd-585x314.jpg 585w\" sizes=\"(max-width: 1024px) 100vw, 1024px\" \/><\/a><figcaption>Notre th\u00e9, indien : <a href=\"https:\/\/www.mamyfactory.com\/fr\/thes-naturels\/2256-the-indira-3760302343607.html\" target=\"_blank\" rel=\"noreferrer noopener\">Indira<\/a><\/figcaption><\/figure>\n\n\n\n<div style=\"height:20px\" aria-hidden=\"true\" class=\"wp-block-spacer\"><\/div>\n\n\n\n<p style=\"font-size:16px\">Notre collaboration fut plac\u00e9e sous le signe d&rsquo;un retour \u00e0 l&rsquo;origine de chaque type de th\u00e9, vert, blanc ou noir, et de d\u00e9velopper une petite collection d&rsquo;infusions qui proviennent de notre terroir pour des d\u00e9gustations l&rsquo;apr\u00e8s-midi ou le soir.                                                                                                                                                          Ces th\u00e9s combleront ainsi notre communaut\u00e9 qui pourra d\u00e9guster tous <a href=\"https:\/\/www.mamyfactory.com\/fr\/216-thes-naturels\">ces th\u00e9s naturels<\/a> \u00e0 tout moment de la journ\u00e9e.<\/p>\n\n\n\n<p style=\"font-size:16px\">Nous avons pos\u00e9 quelques questions type \u00e0 Arnaud pour qu&rsquo;il nous explique son parcours dans le th\u00e9 et ses envies actuelles ainsi que sur son travail dans cette collaboration exclusive.<\/p>\n\n\n\n<div style=\"height:20px\" aria-hidden=\"true\" class=\"wp-block-spacer\"><\/div>\n\n\n\n<hr class=\"wp-block-separator\"\/>\n\n\n\n<figure class=\"wp-block-image size-large\"><img loading=\"lazy\" decoding=\"async\" width=\"940\" height=\"171\" src=\"https:\/\/www.mamyfactory.com\/blog\/wp-content\/uploads\/2020\/12\/arnaud.jpg\" alt=\"\" class=\"wp-image-1674\" srcset=\"https:\/\/www.mamyfactory.com\/blog\/wp-content\/uploads\/2020\/12\/arnaud.jpg 940w, https:\/\/www.mamyfactory.com\/blog\/wp-content\/uploads\/2020\/12\/arnaud-300x55.jpg 300w, https:\/\/www.mamyfactory.com\/blog\/wp-content\/uploads\/2020\/12\/arnaud-768x140.jpg 768w, https:\/\/www.mamyfactory.com\/blog\/wp-content\/uploads\/2020\/12\/arnaud-585x106.jpg 585w\" sizes=\"(max-width: 940px) 100vw, 940px\" \/><\/figure>\n\n\n\n<hr class=\"wp-block-separator\"\/>\n\n\n\n<p style=\"font-size:18px\"><em>Pourriez-vous vous pr\u00e9senter en quelques lignes pour notre communaut\u00e9 ?                                           Qui vous a guid\u00e9 a l\u2019origine dans cette qu\u00eate du th\u00e9 ? Avez-vous eu un ma\u00eetre ou un mentor ?<\/em><\/p>\n\n\n\n<p style=\"font-size:16px\">Je suis arch\u00e9o-botaniste de formation, mais ma passion du th\u00e9 a pris le dessus sur mes \u00e9tudes !                         Je voulais comprendre, et plusieurs personnes ont pris mes questions au s\u00e9rieux et m&rsquo;ont beaucoup appris : je pense en particulier \u00e0 la responsable d&rsquo;une boutique, \u00e0 une grande sp\u00e9cialiste des th\u00e9s chinois, puis par la suite des producteurs indiens, chinois et japonais. Ce d\u00e9sir de comprendre m&rsquo;a parfois desservi \u00e0 court terme : une partie du monde du th\u00e9 a beaucoup de choses \u00e0 cacher, et n&rsquo;aime pas qu&rsquo;on pose trop de questions. &nbsp;<\/p>\n\n\n\n<hr class=\"wp-block-separator\"\/>\n\n\n\n<p style=\"font-size:18px\"><em>Combien de th\u00e9s avez-vous pu go\u00fbter dans votre vie ? \u00cates-vous encore surpris par certains th\u00e9s ?                                                                             Quel est la derni\u00e8re surprise que vous avez d\u00e9couverte ?<\/em><\/p>\n\n\n\n<p style=\"font-size:16px\">Au moins un millier, mais tout d\u00e9pend comment on compte-non, il est impossible de vous donner un chiffre. Et puis, avoir go\u00fbt\u00e9 beaucoup de th\u00e9s est un privil\u00e8ge plut\u00f4t qu&rsquo;une gloire, alors il serait malvenu de se vanter ! Au risque de para\u00eetre conservateur ou rabat-joie, je dois reconnaitre que la surprise dans le th\u00e9 est plut\u00f4t n\u00e9gative.                                                                                                                                                                                     Je n&rsquo;ai rien contre la nouveaut\u00e9, mais je parlerais plut\u00f4t l&rsquo;admiration devant le boulot de certains producteurs, une maison sino-maori-n\u00e9o-z\u00e9landaise qui fait un oolong parfait, un producteur japonais \u00e9cologiste qui r\u00e9invente sa tradition. Sans oublier non plus des femmes et des hommes du Yunnan ou d&rsquo;ailleurs qui font un travail physique tr\u00e8s dur pour un salaire g\u00e9n\u00e9ralement trop bas.<\/p>\n\n\n\n<hr class=\"wp-block-separator\"\/>\n\n\n\n<p style=\"font-size:18px\"><em>Si vous auriez un th\u00e9 \u00e0 recommander pour un n\u00e9ophyte qui voudrait s\u2019initier ?<\/em><\/p>\n\n\n\n<p style=\"font-size:16px\">Plut\u00f4t qu&rsquo;un th\u00e9 en particulier, je recommande de ne pas \u00eatre intimid\u00e9(e) : comme le monde du vin, le monde du th\u00e9 peut para\u00eetre impressionnant, mais tous les professionnels qui ne trichent pas sont pr\u00eats \u00e0 r\u00e9pondre \u00e0 toutes vos questions.                                                                                                                                                       Quand vous le pouvez, go\u00fbtez des choses diff\u00e9rentes, et recherchez l&rsquo;excellence dans ce qui vous plait d\u00e9j\u00e0. Mais attention : une fois que vous avez go\u00fbt\u00e9 un bon Earl Grey ou un th\u00e9 vert bien fait, il est impossible de revenir en arri\u00e8re !<\/p>\n\n\n\n<hr class=\"wp-block-separator\"\/>\n\n\n\n<p style=\"font-size:18px\"><em>Vous partagez avec Mamy Factory le m\u00eame souci de produits nobles, naturels et \u00e9co-responsables.    En quoi vos th\u00e9s refl\u00e8tent-ils cette philosophie ? Est-ce devenu difficile de sourcer du th\u00e9 naturel alors que la majeure partie des acteurs utilisent des ar\u00f4mes de synth\u00e8se ?<\/em><\/p>\n\n\n\n<p style=\"font-size:16px\">Merci de cette question, et de me faire le compliment de m&rsquo;associer \u00e0 vous : je connais votre exigence, et vous rejoins sur ce point. Le th\u00e9 a souvent une bonne image, mais sa r\u00e9alit\u00e9 est un peu plus trouble. C&rsquo;est dans la plupart des cas une boisson industrielle : \u00e0 tous les niveaux de la cha\u00eene il y a des raccourcis dont les effets \u00e9cologiques, sociaux et sanitaires sont tr\u00e8s mauvais, y compris pour les th\u00e9s bios.                                                 J&rsquo;ai la chance d&rsquo;\u00eatre soutenu par une client\u00e8le qui connait la qualit\u00e9 de mes produits, et leur fid\u00e9lit\u00e9 me permet d&rsquo;aller sourcer mes th\u00e9s moi-m\u00eame, et ainsi d&rsquo;avoir une relation de confiance avec les producteurs. Cela n&rsquo;a jamais \u00e9t\u00e9 facile, mais je ne voulais pas la facilit\u00e9. Ce n&rsquo;est pas devenu plus simple ces derni\u00e8res ann\u00e9es, avec le green-washing de grandes marques qui comprennent qu&rsquo;elles doivent changer, mais je suis optimiste, les choses vont lentement dans le bon sens.<\/p>\n\n\n\n<hr class=\"wp-block-separator\"\/>\n\n\n\n<p style=\"font-size:18px\"><em>Vous avez d\u00e9clin\u00e9 un gamme compl\u00e8te de th\u00e9s avec Mamy Factory ainsi que deux infusions, en quoi cette gamme est \u00e9galement repr\u00e9sentative de votre univers ?<\/em><\/p>\n\n\n\n<p style=\"font-size:16px\">En imaginant cette gamme avec vous et en pensant ensemble \u00e0 votre communaut\u00e9 j&rsquo;ai voulu mettre en avant des produits sains, dont je pouvais \u00eatre fier. Je voulais des go\u00fbts agr\u00e9ables, qu&rsquo;on puisse aimer boire seule ou en petit groupe : le th\u00e9 et le tricot sont des activit\u00e9s qui peuvent \u00eatre solitaires ou partag\u00e9es. Et je voulais des choses \u00e0 votre image, un peu classiques, mais \u00e9l\u00e9gantes, avec une personnalit\u00e9, une qualit\u00e9 &#8211; des th\u00e9s qu&rsquo;on aura plaisir \u00e0 reboire, \u00e0 garder chez soi, tout l&rsquo;inverse d&rsquo;un v\u00eatement dans une mati\u00e8re synth\u00e9tique qu&rsquo;on ne porte qu&rsquo;une seule fois !&nbsp;&nbsp;<\/p>\n\n\n\n<hr class=\"wp-block-separator\"\/>\n\n\n\n<p style=\"font-size:18px\"><em>Vous \u00eates \u00e9galement reconnu pour votre salon de th\u00e9 iconique \u00e0 Paris, que conseillerez-vous comme accompagnement avec cette nouvelle gamme de th\u00e9s Mamy Factory ?<\/em><\/p>\n\n\n\n<p style=\"font-size:16px\">Le secret de notre salon de th\u00e9, et particuli\u00e8rement de nos scones, est que nous faisons presque tout nous-m\u00eames. Cela prend un peu plus de temps, mais ce n&rsquo;est pas difficile !                                                                   Alors j&rsquo;encourage les personnes qui consommeront ces th\u00e9s \u00e0 prendre une petite demi-heure pour se faire quelque chose soi-m\u00eame, par exemple un quatre-quart dont on peut offrir la moiti\u00e9 \u00e0 une voisine sympa ! Et la plupart de ces th\u00e9s accompagnent tr\u00e8s bien des repas sal\u00e9s, alors faite de belles combinaisons, un th\u00e9 fum\u00e9 avec un fromage de ch\u00e8vre, un th\u00e9 l\u00e9ger avec du poisson, il y a au moins mille possibilit\u00e9s. &nbsp;<\/p>\n\n\n\n<hr class=\"wp-block-separator\"\/>\n\n\n\n<p style=\"font-size:18px\"><em>\u00c0 l\u2019heure des circuits courts et du made in France, on parle de faire du th\u00e9 fran\u00e7ais ?                     Seriez-vous int\u00e9ress\u00e9 par d\u00e9velopper cette fili\u00e8re, est-ce un mythe ou une r\u00e9alit\u00e9 ?<\/em><\/p>\n\n\n\n<p style=\"font-size:16px\">Au cours de l&rsquo;histoire il a plusieurs fois \u00e9t\u00e9 question de cultiver le th\u00e9 en France, mais ce n&rsquo;est que depuis quelques ann\u00e9es que cela commence \u00e0 se concr\u00e9tiser gr\u00e2ce au travail passionnant de quelques pr\u00e9curseurs croisant l&rsquo;Asie et l&rsquo;Europe.                                                                                                                                                       Je suis originaire du Morvan, et ai constat\u00e9 que les terres de cette r\u00e9gion se pr\u00eateraient parfaitement \u00e0 la culture du th\u00e9. Je suis en train de lancer un projet complet, \u00e9cologique, ambitieux et fermement implant\u00e9 dans ce territoire. En attendant de pouvoir vous accueillir sur place, je vous invite \u00e0 venir en lire davantage.<\/p>\n\n\n\n<div style=\"height:20px\" aria-hidden=\"true\" class=\"wp-block-spacer\"><\/div>\n\n\n\n<figure class=\"wp-block-image size-large\"><img loading=\"lazy\" decoding=\"async\" width=\"1024\" height=\"550\" src=\"https:\/\/www.mamyfactory.com\/blog\/wp-content\/uploads\/2020\/12\/arnaudba-1024x550.jpg\" alt=\"\" class=\"wp-image-1679\" srcset=\"https:\/\/www.mamyfactory.com\/blog\/wp-content\/uploads\/2020\/12\/arnaudba-1024x550.jpg 1024w, https:\/\/www.mamyfactory.com\/blog\/wp-content\/uploads\/2020\/12\/arnaudba-300x161.jpg 300w, https:\/\/www.mamyfactory.com\/blog\/wp-content\/uploads\/2020\/12\/arnaudba-768x412.jpg 768w, https:\/\/www.mamyfactory.com\/blog\/wp-content\/uploads\/2020\/12\/arnaudba-1536x825.jpg 1536w, https:\/\/www.mamyfactory.com\/blog\/wp-content\/uploads\/2020\/12\/arnaudba-1170x628.jpg 1170w, https:\/\/www.mamyfactory.com\/blog\/wp-content\/uploads\/2020\/12\/arnaudba-585x314.jpg 585w\" sizes=\"(max-width: 1024px) 100vw, 1024px\" \/><figcaption>Arnaud Bachelin &#8211; Th\u00e9-ritoire<\/figcaption><\/figure>\n\n\n\n<div style=\"height:100px\" aria-hidden=\"true\" class=\"wp-block-spacer\"><\/div>\n\n\n\n<h4 class=\"wp-block-heading\"><strong>Pour lire nos derniers articles :<\/strong><\/h4>\n\n\n\n<ul><li><a href=\"https:\/\/www.mamyfactory.com\/blog\/2020\/11\/18\/nos-mamies-ont-du-succes-mamy-factory\/\" target=\"_blank\" rel=\"noreferrer noopener\">Nos mamies ont du succ\u00e8s ! Mamy Factory a trouv\u00e9 la solution pour r\u00e9pondre \u00e0 vos demandes.<\/a><\/li><li><a href=\"https:\/\/www.mamyfactory.com\/blog\/2020\/10\/12\/le-trousseau-de-naissance-lessentiel-pour-larrivee-de-bebe\/\" target=\"_blank\" rel=\"noreferrer noopener\">Le trousseau de naissance : l\u2019essentiel pour l\u2019arriv\u00e9e de b\u00e9b\u00e9<\/a><\/li><li><a href=\"https:\/\/www.mamyfactory.com\/blog\/2020\/09\/25\/la-laine-mamy-factory-de-la-douceur-dans-tous-vos-projets-tricot\/\" target=\"_blank\" rel=\"noreferrer noopener\">La laine Mamy Factory : de la douceur dans tous vos projets tricot<\/a><\/li><li><a href=\"https:\/\/www.mamyfactory.com\/blog\/2020\/08\/26\/le-cocon-de-laine-ilado-paris-x-mamy-factory\/\" target=\"_blank\" rel=\"noreferrer noopener\">Le cocon de laine : Ilado Paris X Mamy Factory<\/a><\/li><li><a href=\"https:\/\/www.mamyfactory.com\/blog\/2020\/05\/13\/les-masques-barrieres-pour-enfants-personnalises\/\" target=\"_blank\" rel=\"noreferrer noopener\">Les masques barri\u00e8res pour enfants personnalis\u00e9s !<\/a><\/li><\/ul>\n","protected":false},"excerpt":{"rendered":"<p>Mamy Factory a d\u00e9cid\u00e9 de lancer une gamme compl\u00e8te de th\u00e9s pour toute sa communaut\u00e9 de tricoteuses friandes de boissons chaudes. Le choix a \u00e9t\u00e9 fait de travailler en \u00e9troite&hellip;<\/p>\n","protected":false},"author":2,"featured_media":1689,"comment_status":"open","ping_status":"open","sticky":false,"template":"","format":"standard","meta":{"footnotes":""},"categories":[1],"tags":[31,28,34,35,27,32,33],"_links":{"self":[{"href":"https:\/\/www.mamyfactory.com\/blog\/wp-json\/wp\/v2\/posts\/1662"}],"collection":[{"href":"https:\/\/www.mamyfactory.com\/blog\/wp-json\/wp\/v2\/posts"}],"about":[{"href":"https:\/\/www.mamyfactory.com\/blog\/wp-json\/wp\/v2\/types\/post"}],"author":[{"embeddable":true,"href":"https:\/\/www.mamyfactory.com\/blog\/wp-json\/wp\/v2\/users\/2"}],"replies":[{"embeddable":true,"href":"https:\/\/www.mamyfactory.com\/blog\/wp-json\/wp\/v2\/comments?post=1662"}],"version-history":[{"count":16,"href":"https:\/\/www.mamyfactory.com\/blog\/wp-json\/wp\/v2\/posts\/1662\/revisions"}],"predecessor-version":[{"id":1776,"href":"https:\/\/www.mamyfactory.com\/blog\/wp-json\/wp\/v2\/posts\/1662\/revisions\/1776"}],"wp:featuredmedia":[{"embeddable":true,"href":"https:\/\/www.mamyfactory.com\/blog\/wp-json\/wp\/v2\/media\/1689"}],"wp:attachment":[{"href":"https:\/\/www.mamyfactory.com\/blog\/wp-json\/wp\/v2\/media?parent=1662"}],"wp:term":[{"taxonomy":"category","embeddable":true,"href":"https:\/\/www.mamyfactory.com\/blog\/wp-json\/wp\/v2\/categories?post=1662"},{"taxonomy":"post_tag","embeddable":true,"href":"https:\/\/www.mamyfactory.com\/blog\/wp-json\/wp\/v2\/tags?post=1662"}],"curies":[{"name":"wp","href":"https:\/\/api.w.org\/{rel}","templated":true}]}}